{"id":1056,"date":"2024-02-19T06:51:22","date_gmt":"2024-02-19T06:51:22","guid":{"rendered":"https:\/\/rgzv-goettingen.de\/?p=1056"},"modified":"2024-02-19T06:54:40","modified_gmt":"2024-02-19T06:54:40","slug":"absage-kuekenschau-2024","status":"publish","type":"post","link":"https:\/\/rgzv-goettingen.de\/?p=1056","title":{"rendered":"ABSAGE &#8211; K\u00fckenschau 2024!"},"content":{"rendered":"\n<figure class=\"wp-block-image size-large is-resized\"><img loading=\"lazy\" decoding=\"async\" width=\"1024\" height=\"768\" src=\"https:\/\/rgzv-goettingen.de\/wp-content\/uploads\/2023\/11\/20231104_1327130100-5965478-1024x768.jpg\" alt=\"\" class=\"wp-image-966\" style=\"width:356px;height:auto\" srcset=\"https:\/\/rgzv-goettingen.de\/wp-content\/uploads\/2023\/11\/20231104_1327130100-5965478-1024x768.jpg 1024w, https:\/\/rgzv-goettingen.de\/wp-content\/uploads\/2023\/11\/20231104_1327130100-5965478-300x225.jpg 300w, https:\/\/rgzv-goettingen.de\/wp-content\/uploads\/2023\/11\/20231104_1327130100-5965478-768x576.jpg 768w, https:\/\/rgzv-goettingen.de\/wp-content\/uploads\/2023\/11\/20231104_1327130100-5965478-1536x1152.jpg 1536w, https:\/\/rgzv-goettingen.de\/wp-content\/uploads\/2023\/11\/20231104_1327130100-5965478-2048x1536.jpg 2048w\" sizes=\"auto, (max-width: 767px) 89vw, (max-width: 1000px) 54vw, (max-width: 1071px) 543px, 580px\" \/><\/figure>\n\n\n\n<p class=\"has-vivid-red-color has-text-color has-link-color wp-elements-024b4adc1ab83316e492edc823cdb9dc\">Leider findet auch in desem Jahr keine K\u00fckenschau statt!<\/p>\n\n\n\n<p>Wir haben diese Entscheidung, wie auch im letzten Jahr, zum Schutz der Tierbest\u00e4nde getroffen.<\/p>\n\n\n\n<p>Die Aktuelle Lage und Ausbreitung der Gefl\u00fcgelpst, lassen erneut, keine andere Entscheidung zu. <strong>Karfreitag wird es somit keine Veranstaltung in Lenglern geben.<\/strong><\/p>\n","protected":false},"excerpt":{"rendered":"<p>Leider findet auch in desem Jahr keine K\u00fckenschau statt! Wir haben diese Entscheidung, wie auch im letzten Jahr, zum Schutz der Tierbest\u00e4nde getroffen. Die Aktuelle Lage und Ausbreitung der Gefl\u00fcgelpst, lassen erneut, keine andere Entscheidung zu. Karfreitag wird es somit keine Veranstaltung in Lenglern geben.<\/p>\n","protected":false},"author":1,"featured_media":0,"comment_status":"closed","ping_status":"closed","sticky":false,"template":"","format":"standard","meta":{"footnotes":""},"categories":[3,4],"tags":[],"class_list":["post-1056","post","type-post","status-publish","format-standard","hentry","category-aktuelles","category-kuekenshow"],"_links":{"self":[{"href":"https:\/\/rgzv-goettingen.de\/index.php?rest_route=\/wp\/v2\/posts\/1056","targetHints":{"allow":["GET"]}}],"collection":[{"href":"https:\/\/rgzv-goettingen.de\/index.php?rest_route=\/wp\/v2\/posts"}],"about":[{"href":"https:\/\/rgzv-goettingen.de\/index.php?rest_route=\/wp\/v2\/types\/post"}],"author":[{"embeddable":true,"href":"https:\/\/rgzv-goettingen.de\/index.php?rest_route=\/wp\/v2\/users\/1"}],"replies":[{"embeddable":true,"href":"https:\/\/rgzv-goettingen.de\/index.php?rest_route=%2Fwp%2Fv2%2Fcomments&post=1056"}],"version-history":[{"count":2,"href":"https:\/\/rgzv-goettingen.de\/index.php?rest_route=\/wp\/v2\/posts\/1056\/revisions"}],"predecessor-version":[{"id":1059,"href":"https:\/\/rgzv-goettingen.de\/index.php?rest_route=\/wp\/v2\/posts\/1056\/revisions\/1059"}],"wp:attachment":[{"href":"https:\/\/rgzv-goettingen.de\/index.php?rest_route=%2Fwp%2Fv2%2Fmedia&parent=1056"}],"wp:term":[{"taxonomy":"category","embeddable":true,"href":"https:\/\/rgzv-goettingen.de\/index.php?rest_route=%2Fwp%2Fv2%2Fcategories&post=1056"},{"taxonomy":"post_tag","embeddable":true,"href":"https:\/\/rgzv-goettingen.de\/index.php?rest_route=%2Fwp%2Fv2%2Ftags&post=1056"}],"curies":[{"name":"wp","href":"https:\/\/api.w.org\/{rel}","templated":true}]}}